{"id":2332,"date":"2023-01-19T16:32:23","date_gmt":"2023-01-19T15:32:23","guid":{"rendered":"https:\/\/staging.ensemble-magazin.ch\/?p=2332"},"modified":"2023-05-05T15:55:24","modified_gmt":"2023-05-05T13:55:24","slug":"swiss-secrets-giornate-di-soletta-2023","status":"publish","type":"post","link":"https:\/\/staging.ensemble-magazin.ch\/it\/2023\/01\/19\/swiss-secrets-giornate-di-soletta-2023\/","title":{"rendered":"Swiss Secrets &#8211; Giornate di Soletta 2023"},"content":{"rendered":"<p><em>Testo di Simone Ganser<\/em><\/p>\n<p>SOLETTA <strong>\u2013 Una serata speciale al <\/strong><a href=\"https:\/\/www.solothurnerfilmtage.ch\/\">Festival di Soletta 2023<\/a><strong>, non solo film verranno proiettati ma sabato sera 20 gennaio verr\u00e0 mostrata per intero la serie ticinese Swiss Secrets. Un progetto che ha raccolto le pi\u00f9 svariate professionalit\u00e0 nel mondo cinematografico ticinese, e non solo, e le ha coinvolte in qualcosa che potrebbe davvero spiccare il volo.<\/strong><\/p>\n<p>Un progetto nato dal nulla durante il lockdown e interamente realizzato da due giovani artisti <a href=\"https:\/\/www.migros-engagement.ch\/de\/kulturprozent\/talente\/simone-ganser\">Simone Ganser<\/a> e <a href=\"https:\/\/www.davideromeo.com\/\">Davide Romeo<\/a>, che trovandosi in quella famosa situazione di &#8220;chiusura&#8221; sono riusciti a trasformarlo in un periodo produttivo al 100%. La serie \u00e8 stata presentata ad un\u2019anteprima esclusiva al Palacinema di Locarno e ora \u00e8 pronta per essere mostrata al pubblico di tutta la Svizzera sullo schermo di Soletta.<\/p>\n<blockquote><p>Questo fatto rende molto particolare lo sviluppo della serie anche per lo spettatore, perch\u00e9 la serie inizia dando un senso di quasi claustrofobia in un solo luogo con due attori per poi scoprire tutto il resto gradualmente negli episodi successivi.<\/p><\/blockquote>\n<p><strong>Come \u00e8 nata l\u2019idea di di Swiss Secrets?<\/strong><\/p>\n<p>\u200bL\u2019idea in origine \u00e8 nata spontaneamente per via dell\u2019assenza di lavoro creativo nel periodo del primo lockdown. Essendo noi degli artisti senza \u201cterra ferma\u201d non volevamo stare con le mani in mano e abbiamo deciso di dedicarci ad un nuovo progetto, oserei dire una vera e propria avventura che continua tutt\u2019ora a stupirci. <strong>Il tutto \u00e8 nato con la produzione di una\u00a0<\/strong><a href=\"https:\/\/www.quarantineproduction.ch\/home\">miniserie web action thriller &#8220;Airbnb Secrets&#8221;<\/a><strong>, filmata, montata, scritta e recitata solamente in due persone chiuse in un appartamento.<\/strong> Queste erano le condizioni in cui tutti ci trovavamo ma noi abbiamo deciso di renderle produttive al 100%. Con il passare del tempo e grazie al successo locale di \u201cAirbnb Secrets\u201d, anche distribuita su RSI Play, la serie si \u00e8 evoluta ed \u00e8 diventata a tutti gli effetti la serie tv \u201cSwiss Secrets\u201d.<\/p>\n<p><strong>Cosa \u00e8 successo a Airbnb Secrets?<\/strong><\/p>\n<p>In poche parole, mentre giravamo Swiss Secrets, che in teoria doveva essere solamente la continuazione della prima parte ci siamo accorti molto velocemente che il progetto si stava ingrandendo in maniera esponenziale e che sarebbe stato un peccato avere una \u201cprima parte\u201d cos\u00ec \u201cpiccola\u201d rispetto al seguito. <strong>Abbiamo deciso quindi di compattare il materiale che avevamo facendo nuovi tagli di montaggio e cambiando leggermente la struttura ed \u00e8 cos\u00ec diventato il primo episodio di nove.<\/strong> Questo fatto rende molto particolare lo sviluppo della serie anche per lo spettatore, perch\u00e9 la serie inizia dando un senso di quasi claustrofobia in un solo luogo con due attori per poi scoprire tutto il resto gradualmente negli episodi successivi.<\/p>\n<blockquote><p>Insomma: una sfida ardua e un progetto inaspettato e innovativo, quantomeno considerate le estreme condizioni di lavoro.<\/p><\/blockquote>\n<p><strong>Voi spesso lo avete definito un lavoro \u201ctitano\u201d, perch\u00e9?<\/strong><\/p>\n<p>L&#8217;enorme sfida in cui ci siamo lanciati era di creare qualcosa di nuovo in un periodo difficile: ovvero sviluppare un prodotto audiovisivo seriale elaborandolo &#8220;dalla A alla Z&#8221;. A partire dalla scrittura delle puntate alla recitazione, fino al montaggio, quindi all&#8217;audio, al lavoro di cameraman, alla color correction, eccetera. <strong>Tutto con lo scopo di ottenere un risultato il pi\u00f9 professionale possibile, nonostante il personale fosse ridotto a sole due persone, senza contare i mezzi limitati e il budget pressoch\u00e9 nullo.<\/strong> Insomma: una sfida ardua e un progetto inaspettato e innovativo, quantomeno considerate le estreme condizioni di lavoro.<\/p>\n<blockquote><p>Il cast in fine era molto ricco di attori e personaggi di spessore che si sono appassionati e affezionati a questo progetto e ci hanno sostenuto offrendoci il loro talento.<\/p><\/blockquote>\n<p><strong>In questa produzione ci sono per\u00f2 anche alcuni nomi molto conosciuti, giusto?<\/strong><\/p>\n<p>Ben presto al team di lavoro si \u00e8 aggiunta l&#8217;artista svizzera <a href=\"https:\/\/www.ninaburri.com\/\">Nina Burri<\/a>, sia nel ruolo dell&#8217;antagonista sia di sostenitrice di produzione. Nina \u00e8 stata fondamentale nello sviluppo di questa serie. Da sempre si \u00e8 appassionata al progetto, ci ha aiutati e appoggiati con tutti i mezzi che aveva e proprio grazie a lei abbiamo avuto accesso ad alcune importanti location dove abbiamo filmato alcune scene. Per noi \u00e8 stato senz\u2019altro un grande onore lavorare con lei e avere il suo appoggio in alcuni settori della produzione.<\/p>\n<p>Nella serie in un secondo momento si \u00e8 aggiunta anche un\u2019altra nota giovane promettente attrice: <a href=\"https:\/\/www.instagram.com\/mirituuuu\/?hl=de\">Miriam Dossena<\/a> (una delle protagoniste di <a href=\"https:\/\/www.imdb.com\/title\/tt5520772\/\">Alex &amp; Co. della Disney<\/a>). <strong>Nel cast possiamo trovare anche nomi conosciuti come Daniele Marcheggiani, Alessandro Crivelli e riguardo al mondo cinematografico svizzero o tedesco anche i due noti attori Ren\u00e9 Rindlisbacher e Walter Andreas M\u00fcller. <\/strong>Il cast in fine era molto ricco di attori e personaggi di spessore che si sono appassionati e affezionati a questo progetto e ci hanno sostenuto offrendoci il loro talento.<\/p>\n<p>Per quanto riguarda il team tecnico si \u00e8 aggiunto lo <strong>sceneggiatore svizzero Michele Blum<\/strong> che, credendo nel progetto, si \u00e8 inaspettatamente messo a disposizione come supervisore della sceneggiatura e della drammaturgia. <a href=\"https:\/\/www.lorenzosoldini.com\/\">Lorenzo Soldini<\/a> che, con enorme impegno, si \u00e8 appassionatamente lanciato nella colossale impresa di comporre la colonna sonora per tutta la serie. Un immenso onore per noi \u00e8 stato collaborare anche con il famoso <a href=\"https:\/\/www.amossussigan.com\/\">Amos Sussigan<\/a>, che lavora nella grande industria cinematografica di Hollywood, che si \u00e8 messo a disposizione per realizzare il design dei due poster ufficiali della serie. La lista di persone da citare volendo \u00e8 molto lunga ma forse mi fermo qui per non annoiarvi troppo, se volete saperle tutte le troverete nei titoli di coda (scherzo).<\/p>\n<blockquote><p>Il punto focale della storia \u00e8 quindi l&#8217;instaurarsi graduale e progressivo di un improbabile rapporto tra i due personaggi, che si trovano confrontati necessariamente con gli spazi ristretti &#8211; quasi claustrofobici &#8211; dell&#8217;appartamento in cui trascorrono le loro giornate.<\/p><\/blockquote>\n<p><strong>Di cosa parla Swiss Secrets?<\/strong><\/p>\n<p>Swiss Secrets racconta l&#8217;incontro e la convivenza tra un giovane affittacamere in carriera dal carattere impulsivo e un misterioso ospite dal temperamento diametralmente opposto. Il punto focale della storia \u00e8 quindi l&#8217;instaurarsi graduale e progressivo di un improbabile rapporto tra i due personaggi, che si trovano confrontati necessariamente con gli spazi ristretti &#8211; quasi claustrofobici &#8211; dell&#8217;appartamento in cui trascorrono le loro giornate. <strong>I due coinquilini per\u00f2, nonostante l\u2019apparente normalit\u00e0, hanno ciascuno qualcosa di terribile da nascondere<\/strong>. Cosa? Venite a vedere la serie al Festival di Soletta il 20 gennaio.<\/p>\n<p><strong>Avete gi\u00e0 una distribuzione? Insomma, dove potremo vederla dopo Soletta?<\/strong><\/p>\n<p>Essendo una piccola produzione ed essendo nata quasi per caso, all\u2019epoca non avevamo ancora pensato in concreto a come distribuire questo materiale. Adesso ci lasceremo sorprendere dai vari Festival e vediamo se si aprono alcune possibilit\u00e0 per questo progetto. Alcune proposte sono gi\u00e0 arrivate ma ancora aspettiamo per decidere.<\/p>\n\n\t\t<style type=\"text\/css\">\n\t\t\t#gallery-1 {\n\t\t\t\tmargin: auto;\n\t\t\t}\n\t\t\t#gallery-1 .gallery-item {\n\t\t\t\tfloat: left;\n\t\t\t\tmargin-top: 10px;\n\t\t\t\ttext-align: center;\n\t\t\t\twidth: 33%;\n\t\t\t}\n\t\t\t#gallery-1 img {\n\t\t\t\tborder: 2px solid #cfcfcf;\n\t\t\t}\n\t\t\t#gallery-1 .gallery-caption {\n\t\t\t\tmargin-left: 0;\n\t\t\t}\n\t\t\t\/* see gallery_shortcode() in wp-includes\/media.php *\/\n\t\t<\/style>\n\t\t<div id='gallery-1' class='gallery galleryid-2332 gallery-columns-3 gallery-size-thumbnail'><dl class='gallery-item'>\n\t\t\t<dt class='gallery-icon portrait'>\n\t\t\t\t<a href='https:\/\/staging.ensemble-magazin.ch\/it\/2023\/01\/19\/swiss-secrets-solothurner-filmtagen-2023\/poster-ufficiale\/'><img loading=\"lazy\" decoding=\"async\" width=\"80\" height=\"80\" src=\"https:\/\/staging.ensemble-magazin.ch\/wp-content\/uploads\/2023\/01\/Poster-ufficiale-80x80.jpg\" class=\"attachment-thumbnail size-thumbnail\" alt=\"\" \/><\/a>\n\t\t\t<\/dt><\/dl><dl class='gallery-item'>\n\t\t\t<dt class='gallery-icon landscape'>\n\t\t\t\t<a href='https:\/\/staging.ensemble-magazin.ch\/it\/2023\/01\/19\/swiss-secrets-solothurner-filmtagen-2023\/9fc3b91b-6fb8-4aea-ba5a-60dfb5f04a33_1_1\/'><img loading=\"lazy\" decoding=\"async\" width=\"80\" height=\"80\" src=\"https:\/\/staging.ensemble-magazin.ch\/wp-content\/uploads\/2023\/01\/9FC3B91B-6FB8-4AEA-BA5A-60DFB5F04A33_1_1-80x80.jpg\" class=\"attachment-thumbnail size-thumbnail\" alt=\"\" \/><\/a>\n\t\t\t<\/dt><\/dl><dl class='gallery-item'>\n\t\t\t<dt class='gallery-icon portrait'>\n\t\t\t\t<a href='https:\/\/staging.ensemble-magazin.ch\/it\/2023\/01\/19\/swiss-secrets-solothurner-filmtagen-2023\/nina-low\/'><img loading=\"lazy\" decoding=\"async\" width=\"80\" height=\"80\" src=\"https:\/\/staging.ensemble-magazin.ch\/wp-content\/uploads\/2023\/01\/Nina-low-80x80.jpg\" class=\"attachment-thumbnail size-thumbnail\" alt=\"\" \/><\/a>\n\t\t\t<\/dt><\/dl><br style=\"clear: both\" \/><dl class='gallery-item'>\n\t\t\t<dt class='gallery-icon portrait'>\n\t\t\t\t<a href='https:\/\/staging.ensemble-magazin.ch\/it\/2023\/01\/19\/swiss-secrets-solothurner-filmtagen-2023\/poster-2-low\/'><img loading=\"lazy\" decoding=\"async\" width=\"80\" height=\"80\" src=\"https:\/\/staging.ensemble-magazin.ch\/wp-content\/uploads\/2023\/01\/Poster-2-low-80x80.jpg\" class=\"attachment-thumbnail size-thumbnail\" alt=\"\" \/><\/a>\n\t\t\t<\/dt><\/dl><dl class='gallery-item'>\n\t\t\t<dt class='gallery-icon landscape'>\n\t\t\t\t<a href='https:\/\/staging.ensemble-magazin.ch\/it\/2023\/01\/19\/swiss-secrets-solothurner-filmtagen-2023\/img-20200708-wa0051\/'><img loading=\"lazy\" decoding=\"async\" width=\"80\" height=\"80\" src=\"https:\/\/staging.ensemble-magazin.ch\/wp-content\/uploads\/2023\/01\/IMG-20200708-WA0051-80x80.jpg\" class=\"attachment-thumbnail size-thumbnail\" alt=\"\" \/><\/a>\n\t\t\t<\/dt><\/dl><dl class='gallery-item'>\n\t\t\t<dt class='gallery-icon landscape'>\n\t\t\t\t<a href='https:\/\/staging.ensemble-magazin.ch\/it\/2023\/01\/19\/swiss-secrets-solothurner-filmtagen-2023\/img-20200706-wa0007\/'><img loading=\"lazy\" decoding=\"async\" width=\"80\" height=\"80\" src=\"https:\/\/staging.ensemble-magazin.ch\/wp-content\/uploads\/2023\/01\/IMG-20200706-WA0007-80x80.jpg\" class=\"attachment-thumbnail size-thumbnail\" alt=\"\" \/><\/a>\n\t\t\t<\/dt><\/dl><br style=\"clear: both\" \/><dl class='gallery-item'>\n\t\t\t<dt class='gallery-icon portrait'>\n\t\t\t\t<a href='https:\/\/staging.ensemble-magazin.ch\/it\/2023\/01\/19\/swiss-secrets-solothurner-filmtagen-2023\/davide-low\/'><img loading=\"lazy\" decoding=\"async\" width=\"80\" height=\"80\" src=\"https:\/\/staging.ensemble-magazin.ch\/wp-content\/uploads\/2023\/01\/davide-low-80x80.jpg\" class=\"attachment-thumbnail size-thumbnail\" alt=\"\" \/><\/a>\n\t\t\t<\/dt><\/dl><dl class='gallery-item'>\n\t\t\t<dt class='gallery-icon portrait'>\n\t\t\t\t<a href='https:\/\/staging.ensemble-magazin.ch\/it\/2023\/01\/19\/swiss-secrets-solothurner-filmtagen-2023\/20201001_142027\/'><img loading=\"lazy\" decoding=\"async\" width=\"80\" height=\"80\" src=\"https:\/\/staging.ensemble-magazin.ch\/wp-content\/uploads\/2023\/01\/20201001_142027-80x80.jpg\" class=\"attachment-thumbnail size-thumbnail\" alt=\"\" \/><\/a>\n\t\t\t<\/dt><\/dl><dl class='gallery-item'>\n\t\t\t<dt class='gallery-icon portrait'>\n\t\t\t\t<a href='https:\/\/staging.ensemble-magazin.ch\/it\/2023\/01\/19\/swiss-secrets-solothurner-filmtagen-2023\/img-20200710-wa0008\/'><img loading=\"lazy\" decoding=\"async\" width=\"80\" height=\"80\" src=\"https:\/\/staging.ensemble-magazin.ch\/wp-content\/uploads\/2023\/01\/IMG-20200710-WA0008-80x80.jpg\" class=\"attachment-thumbnail size-thumbnail\" alt=\"\" \/><\/a>\n\t\t\t<\/dt><\/dl><br style=\"clear: both\" \/><dl class='gallery-item'>\n\t\t\t<dt class='gallery-icon portrait'>\n\t\t\t\t<a href='https:\/\/staging.ensemble-magazin.ch\/it\/2023\/01\/19\/swiss-secrets-solothurner-filmtagen-2023\/poster-3\/'><img loading=\"lazy\" decoding=\"async\" width=\"80\" height=\"80\" src=\"https:\/\/staging.ensemble-magazin.ch\/wp-content\/uploads\/2023\/01\/Poster-3-80x80.jpg\" class=\"attachment-thumbnail size-thumbnail\" alt=\"\" \/><\/a>\n\t\t\t<\/dt><\/dl><dl class='gallery-item'>\n\t\t\t<dt class='gallery-icon landscape'>\n\t\t\t\t<a href='https:\/\/staging.ensemble-magazin.ch\/it\/2023\/01\/19\/swiss-secrets-solothurner-filmtagen-2023\/img-20200627-wa0011\/'><img loading=\"lazy\" decoding=\"async\" width=\"80\" height=\"80\" src=\"https:\/\/staging.ensemble-magazin.ch\/wp-content\/uploads\/2023\/01\/IMG-20200627-WA0011-80x80.jpg\" class=\"attachment-thumbnail size-thumbnail\" alt=\"\" \/><\/a>\n\t\t\t<\/dt><\/dl>\n\t\t\t<br style='clear: both' \/>\n\t\t<\/div>\n\n","protected":false},"excerpt":{"rendered":"<p>SOLETTA \u2013 Una serata speciale al Festival di Soletta 2023, non solo film verranno proiettati ma sabato sera 20 gennaio verr\u00e0 mostrata per intero la serie ticinese Swiss Secrets. Un progetto che ha raccolto le pi\u00f9 svariate professionalit\u00e0 nel mondo cinematografico ticinese, e non solo, e le ha coinvolte in qualcosa che potrebbe davvero spiccare il volo.<\/p>\n","protected":false},"author":4,"featured_media":2315,"comment_status":"open","ping_status":"open","sticky":false,"template":"","format":"standard","meta":{"_seopress_robots_primary_cat":"none","_seopress_titles_title":"","_seopress_titles_desc":"","_seopress_robots_index":"","_bbp_topic_count":0,"_bbp_reply_count":0,"_bbp_total_topic_count":0,"_bbp_total_reply_count":0,"_bbp_voice_count":0,"_bbp_anonymous_reply_count":0,"_bbp_topic_count_hidden":0,"_bbp_reply_count_hidden":0,"_bbp_forum_subforum_count":0,"inline_featured_image":false,"footnotes":""},"categories":[122],"tags":[],"class_list":["post-2332","post","type-post","status-publish","format-standard","has-post-thumbnail","hentry","category-film-tv-it"],"jetpack_featured_media_url":"https:\/\/staging.ensemble-magazin.ch\/wp-content\/uploads\/2023\/01\/9FC3B91B-6FB8-4AEA-BA5A-60DFB5F04A33_1_1.jpg","_links":{"self":[{"href":"https:\/\/staging.ensemble-magazin.ch\/it\/wp-json\/wp\/v2\/posts\/2332","targetHints":{"allow":["GET"]}}],"collection":[{"href":"https:\/\/staging.ensemble-magazin.ch\/it\/wp-json\/wp\/v2\/posts"}],"about":[{"href":"https:\/\/staging.ensemble-magazin.ch\/it\/wp-json\/wp\/v2\/types\/post"}],"author":[{"embeddable":true,"href":"https:\/\/staging.ensemble-magazin.ch\/it\/wp-json\/wp\/v2\/users\/4"}],"replies":[{"embeddable":true,"href":"https:\/\/staging.ensemble-magazin.ch\/it\/wp-json\/wp\/v2\/comments?post=2332"}],"version-history":[{"count":4,"href":"https:\/\/staging.ensemble-magazin.ch\/it\/wp-json\/wp\/v2\/posts\/2332\/revisions"}],"predecessor-version":[{"id":2475,"href":"https:\/\/staging.ensemble-magazin.ch\/it\/wp-json\/wp\/v2\/posts\/2332\/revisions\/2475"}],"wp:featuredmedia":[{"embeddable":true,"href":"https:\/\/staging.ensemble-magazin.ch\/it\/wp-json\/wp\/v2\/media\/2315"}],"wp:attachment":[{"href":"https:\/\/staging.ensemble-magazin.ch\/it\/wp-json\/wp\/v2\/media?parent=2332"}],"wp:term":[{"taxonomy":"category","embeddable":true,"href":"https:\/\/staging.ensemble-magazin.ch\/it\/wp-json\/wp\/v2\/categories?post=2332"},{"taxonomy":"post_tag","embeddable":true,"href":"https:\/\/staging.ensemble-magazin.ch\/it\/wp-json\/wp\/v2\/tags?post=2332"}],"curies":[{"name":"wp","href":"https:\/\/api.w.org\/{rel}","templated":true}]}}